{"id":119,"date":"2013-11-18T07:56:32","date_gmt":"2013-11-18T07:56:32","guid":{"rendered":"http:\/\/wiktorski.blog.pl\/?p=119"},"modified":"2022-03-07T13:04:52","modified_gmt":"2022-03-07T13:04:52","slug":"inteligentna-specjalizacja","status":"publish","type":"post","link":"http:\/\/wiktorski.expert\/?p=119","title":{"rendered":"Inteligentna specjalizacja"},"content":{"rendered":"<p style=\"text-align: justify\" align=\"JUSTIFY\"><span style=\"font-family: Liberation Serif,serif\"><span style=\"font-size: medium\"><span style=\"color: #000000\">Za progiem perspektywa unijnych finans\u00f3w na lata 2014-2020. Czy zd\u0105\u017cyli\u015bmy si\u0119 upomnie\u0107 o nale\u017cne meblom miejsce<br \/>\nw nowych programach unijnych?<\/span><\/span><\/span><\/p>\n<p style=\"text-align: justify\" align=\"JUSTIFY\"><span style=\"font-family: Liberation Serif,serif\"><span style=\"font-size: medium\"><span style=\"color: #000000\">Trudno znale\u017a\u0107 typ czy rodzaj mebla, kt\u00f3ry nie by\u0142by produkowany w Polsce. Pr\u00f3bowa\u0142em dawno temu przygotowa\u0107 systematyk\u0119 rodzaj\u00f3w mebli i doszed\u0142em do przenajdziwnieszych zak\u0105tk\u00f3w oferty meblowej. Polski przemys\u0142 meblarski oferuje mi\u0119dzy innymi: meble tapicerowane, gi\u0119te, kuchenne, \u0142azienkowe, biurowe, do salonu i jadalni, do sypialni, medyczne, do pokoju dzieci\u0119cego i do szk\u00f3\u0142, szafy i\u00a0systemy przechowywania, meble konferencyjne, audytoryjne, meble o podwy\u017cszonych parametrach bezpiecze\u0144stwa dopuszczone do u\u017cytkowania w\u00a0przestrzeni publicznej, meble ogrodowe i o charakterze rekreacyjno-rozrywkowym, meble do hoteli i restauracji, meble do obiekt\u00f3w sportowych, warsztat\u00f3w mechanicznych, magazyn\u00f3w, laboratori\u00f3w i zada\u0144 specjalnych. Co wi\u0119cej, w\u00a0ramach tej samej kategorii produkowanych mebli swoj\u0105 ofert\u0119 przedstawia w Polsce co najmniej kilkudziesi\u0119ciu, a cz\u0119sto nawet setka producent\u00f3w. Wiele wzor\u00f3w polskich mebli i technologii zosta\u0142o opatentowanych w Europie i na \u015bwiecie. Do tego o kilku lat stale ro\u015bnie udzia\u0142 polskich mebli w produkcji Unijnej \u2013 w 2012 roku by\u0142o to ju\u017c 8,4%. Udzia\u0142 produkcji sprzedanej mebli w Polsce w odniesieniu do krajowego PKB w 2011 roku wynosi\u0142 2,1% podczas gdy w Unii Europejskiej \u015brednio 0,5%.Trudno si\u0119 oprze\u0107 wra\u017ceniu, \u017ce jako kraj specjalizujemy si\u0119 w produkcji tych w\u0142a\u015bnie wyrob\u00f3w. I w\u0142a\u015bnie w produkcji mebli mamy siln\u0105 pozycj\u0119 na \u015bwiecie. <\/span><\/span><\/span><\/p>\n<p style=\"text-align: justify\" align=\"JUSTIFY\"><span style=\"font-family: Liberation Serif,serif\"><span style=\"font-size: medium\"><span style=\"color: #000000\">Id\u0105c tropem wytyczonym przez Uni\u0119 Europejsk\u0105 \u2013 \u015bladem inteligentnych specjalizacji \u2013 \u015bmia\u0142o twierdz\u0119, \u017ce nie ma drugiej bran\u017cy w kt\u00f3rej jeste\u015bmy wyspecjalizowani tak dobrze jak w produkcji mebli. Mamy tradycje, kapita\u0142 ludzki, surowce naturalne, zaufanie klient\u00f3w. Jedyne czego brakuje to marka. Marka, kt\u00f3r\u0105 mo\u017cna zbudowa\u0107 jedynie rozwijaj\u0105c wzornictwo, inwestuj\u0105c w badania produktu, doskonal\u0105c logistyk\u0119 produkcji, buduj\u0105c nowoczesny marketing. <\/span><\/span><\/span><\/p>\n<p style=\"text-align: justify\" align=\"JUSTIFY\"><span style=\"font-family: Liberation Serif,serif\"><span style=\"font-size: medium\"><span style=\"color: #000000\">Tu jednak rodzi si\u0119 konflikt pomi\u0119dzy realizacj\u0105 produkcji wzor\u00f3w powierzonych a ofert\u0105 polskich projektant\u00f3w. <\/span><\/span><\/span><\/p>\n<p style=\"text-align: justify\" align=\"JUSTIFY\"><span style=\"font-family: Liberation Serif,serif\"><span style=\"font-size: medium\"><span style=\"color: #000000\">Sukces polskich mebli na \u015bwiatowym rynku jest w du\u017cej mierze zwi\u0105zany z design thinking, czyli dyscyplin\u0105, kt\u00f3ra staje si\u0119 w Polsce platform\u0105 spotka\u0144 naukowc\u00f3w r\u00f3\u017cnych specjalno\u015bci z projektantami, architektami, a tak\u017ce producentami. <\/span><\/span><\/span><\/p>\n<p style=\"text-align: justify\" align=\"JUSTIFY\"><span style=\"font-family: Liberation Serif,serif\"><span style=\"font-size: medium\"><span style=\"color: #000000\">Rozwijaj\u0105 si\u0119 w\u00a0Polsce o\u015brodki badawcze specjalizuj\u0105ce si\u0119 w\u00a0procesach projektowych stosuj\u0105 nowoczesne metody analityczne, jak na przyk\u0142ad wspomagana biometrycznie analiza behawioralna czy te\u017c kognitywna. W najlepszych firmach dzia\u0142aj\u0105 dzia\u0142y rozwoju produktu, zatrudniani s\u0105 specjali\u015bci z r\u00f3\u017cnych dziedzin, w tym in\u017cynierowie wesp\u00f3\u0142 z fizjoterapeutami i psychologami. Fundamentaln\u0105 rol\u0119 w procesie projektowym odgrywaj\u0105 polscy projektanci. Wykszta\u0142ceni na s\u0142awnych polskich i \u015bwiatowych uczelniach, pracuj\u0105cy w biurach projektowych i\u00a0pracowniach o \u015bwiatowym presti\u017cu, wystawiaj\u0105cy swoje projekty na ca\u0142ym \u015bwiecie maj\u0105 decyduj\u0105cy wp\u0142yw na kultur\u0119 estetyczn\u0105 polskiego meblarstwa. Liczne mi\u0119dzynarodowe nagrody potwierdzaj\u0105 pozycj\u0119 i autorytet polskich designer\u00f3w. Polscy projektanci regularnie zdobywaj\u0105 nagrody na najwi\u0119kszym i najbardziej znanym designerskim konkursie na \u015bwiecie Red Dot, w kt\u00f3rym uczestniczy 12 tys. firm i podmiot\u00f3w z 60. kraj\u00f3w. Wymienia\u0107 mo\u017cna by dziesi\u0105tki nazwisk projektant\u00f3w, kt\u00f3rzy maj\u0105 ju\u017c ugruntowan\u0105 pozycj\u0119 w\u00a0\u015bwiecie designu. Pytanie tylko: \u201eNo i co z tego, skoro nie mamy kultury wsp\u00f3\u0142pracy przedsi\u0119biorc\u00f3w z projektantami?\u201d.<\/span><\/span><\/span><\/p>\n<p style=\"text-align: justify\" align=\"JUSTIFY\"><span style=\"font-family: Liberation Serif,serif\"><span style=\"font-size: medium\"><span style=\"color: #000000\">Problemem mikro, ma\u0142ych i \u015brednich firm jest finansowanie ryzyka bada\u0144 i rozwoju. Zwyczajnie bezpieczniejsze jest sfotografowanie nowo\u015bci na targach w Mediolanie czy Kolonii, ale ta droga skazuje bran\u017c\u0119 na wieczn\u0105 pozycj\u0119 podwykonawcy i nisk\u0105 mar\u017c\u0119 \u2013 co zamyka b\u0142\u0119dne ko\u0142o. W\u0142a\u015bnie teraz jest czas na to aby upomnie\u0107 si\u0119 w Urz\u0119dach Miast, Urz\u0119dach Powiatowych, Urz\u0119dach Wojew\u00f3dzkich, czy na poziomie krajowym o uznanie \u201eprodukcji mebli\u201d jako inteligentnej specjalizacji polskiej gospodarki i zabezpieczenie \u015brodk\u00f3w na rozw\u00f3j przez wielkie \u201eR\u201d! Na racjonalizacj\u0119 ryzyka budowy w\u0142asnego wzornictwa, wsp\u00f3\u0142pracy ma\u0142ych firm z projektantami, naukowcami i o\u015brodkami rozwoju produkt\u00f3w.<\/span><\/span><\/span><\/p>\n<p style=\"text-align: justify\" align=\"JUSTIFY\"><span style=\"font-family: Liberation Serif,serif\"><span style=\"font-size: medium\"><span style=\"color: #000000\">Wszystkich zainteresowanych takimi dzia\u0142aniami zapraszam do kontaktu<\/span> tomasz.wiktorski@brstudio.eu.<\/span><\/span><\/p>\n","protected":false},"excerpt":{"rendered":"<p>Za progiem perspektywa unijnych finans\u00f3w na lata 2014-2020. Czy zd\u0105\u017cyli\u015bmy si\u0119 upomnie\u0107 o nale\u017cne meblom miejsce w nowych programach unijnych? Trudno znale\u017a\u0107 typ czy rodzaj mebla, kt\u00f3ry nie by\u0142by produkowany w Polsce. Pr\u00f3bowa\u0142em dawno temu przygotowa\u0107 systematyk\u0119 rodzaj\u00f3w mebli i doszed\u0142em do przenajdziwnieszych zak\u0105tk\u00f3w oferty meblowej. Polski przemys\u0142 meblarski oferuje mi\u0119dzy innymi: meble tapicerowane, gi\u0119te, &hellip; <\/p>\n<p class=\"link-more\"><a href=\"http:\/\/wiktorski.expert\/?p=119\" class=\"more-link\">Czytaj dalej<span class=\"screen-reader-text\"> \u201eInteligentna specjalizacja\u201d<\/span><\/a><\/p>\n","protected":false},"author":1,"featured_media":0,"comment_status":"closed","ping_status":"closed","sticky":false,"template":"","format":"standard","meta":{"footnotes":""},"categories":[3,4,5,6],"tags":[30,43,65,67],"class_list":["post-119","post","type-post","status-publish","format-standard","hentry","category-meble-2","category-gospodarka","category-inne","category-marka","tag-design-thinking","tag-inteligentna-specjalizacja","tag-polscy-projektanci","tag-polskie-meble"],"_links":{"self":[{"href":"http:\/\/wiktorski.expert\/index.php?rest_route=\/wp\/v2\/posts\/119","targetHints":{"allow":["GET"]}}],"collection":[{"href":"http:\/\/wiktorski.expert\/index.php?rest_route=\/wp\/v2\/posts"}],"about":[{"href":"http:\/\/wiktorski.expert\/index.php?rest_route=\/wp\/v2\/types\/post"}],"author":[{"embeddable":true,"href":"http:\/\/wiktorski.expert\/index.php?rest_route=\/wp\/v2\/users\/1"}],"replies":[{"embeddable":true,"href":"http:\/\/wiktorski.expert\/index.php?rest_route=%2Fwp%2Fv2%2Fcomments&post=119"}],"version-history":[{"count":1,"href":"http:\/\/wiktorski.expert\/index.php?rest_route=\/wp\/v2\/posts\/119\/revisions"}],"predecessor-version":[{"id":407,"href":"http:\/\/wiktorski.expert\/index.php?rest_route=\/wp\/v2\/posts\/119\/revisions\/407"}],"wp:attachment":[{"href":"http:\/\/wiktorski.expert\/index.php?rest_route=%2Fwp%2Fv2%2Fmedia&parent=119"}],"wp:term":[{"taxonomy":"category","embeddable":true,"href":"http:\/\/wiktorski.expert\/index.php?rest_route=%2Fwp%2Fv2%2Fcategories&post=119"},{"taxonomy":"post_tag","embeddable":true,"href":"http:\/\/wiktorski.expert\/index.php?rest_route=%2Fwp%2Fv2%2Ftags&post=119"}],"curies":[{"name":"wp","href":"https:\/\/api.w.org\/{rel}","templated":true}]}}