{"id":204,"date":"2014-12-22T10:56:30","date_gmt":"2014-12-22T10:56:30","guid":{"rendered":"http:\/\/wiktorski.blog.pl\/?p=204"},"modified":"2022-03-07T12:52:09","modified_gmt":"2022-03-07T12:52:09","slug":"swiateczne-zyczenia","status":"publish","type":"post","link":"http:\/\/wiktorski.expert\/?p=204","title":{"rendered":"\u015awi\u0105teczne \u017cyczenia"},"content":{"rendered":"<p>Miko\u0142aj ju\u017c puka, \u015bnieg pr\u00f3szy tu i \u00f3wdzie, le\u015bnicy wybieraj\u0105 co dorodniejsze choinki \u2013 czas przygotowa\u0107 si\u0119 do \u015bwi\u0105t i z\u0142o\u017cy\u0107 sobie \u017cyczenia.<\/p>\n<p>Jak ja bym chcia\u0142 mie\u0107 g\u0142ow\u0119 woln\u0105 od unijnej nomenklatury i biurokracji. Nie zajmowa\u0107 si\u0119 wska\u017anikami produktu, rezultatu. Da\u0107 spok\u00f3j z definicjami de minimis i programami operacyjnymi. To wszystko odci\u0105ga tylko uwag\u0119 i zabiera czas, kt\u00f3ry powinienem po\u015bwi\u0119ca\u0107 na rozw\u00f3j i doskonalenie swojej firmy. Niedawno pozna\u0142em cz\u0142owieka z po\u0142udnia Polski, kt\u00f3ry podczas spotkania po\u015bwi\u0119conego nowej perspektywie finansowej \u2013 tak podsumowa\u0142 dyskusj\u0119: \u201eNiezmiernie si\u0119 ciesz\u0119, \u017ce nie musz\u0119 tego wszystkiego rozumie\u0107, i zaprz\u0105ta\u0107 sobie unijn\u0105 gadanin\u0105 g\u0142owy! Nigdy nie bra\u0142em dotacji, nie rozlicza\u0142em, a firma ma si\u0119 \u015bwietnie i zam\u00f3wienia s\u0105 na kilka tygodni.\u201d Dowiedzieli\u015bmy si\u0119, \u017ce w swojej firmie doskonali tylko produkcj\u0119 i modelarni\u0119, a zrezygnowa\u0142 chocia\u017cby z ostatniej osoby z dzia\u0142u marketingu. \u00a0Wiele os\u00f3b mu zazdro\u015bci\u0142o, ale jego model biznesowy\u2026.. W\u0142a\u015bciwie to chcia\u0142em napisa\u0107, \u017ce \u201enie jest do powt\u00f3rzenia ani dla nowych podmiot\u00f3w, ani dla tych kt\u00f3rzy chc\u0105 kreowa\u0107 popyt i kszta\u0142towa\u0107 gusta\u201d, ale za raz. Skoro Kamprad rozwin\u0105\u0142 swoj\u0105 firm\u0119 bez kredyt\u00f3w, a teraz w czasach kiedy Ikea ma globaln\u0105 pozycj\u0119, mog\u0105 si\u0119, mimo to, rozwija\u0107 bez dotacji takie firmy jak wspomnianego przedsi\u0119biorcy z po\u0142udnia, to jednak chyba mo\u017cna zrobi\u0107 biznes w naszym kraju. Biznes, kt\u00f3ry nie jest upadaj\u0105cy, nie jest w trudnej sytuacji i nie funkcjonuje tylko dzi\u0119ki szczodrobliwej pomocy instytucji pa\u0144stwowych. W zasadzie jestem przeciwny unijnym programom, kt\u00f3re pod p\u0142aszczykiem idei rozwoju, najpierw musz\u0105 zosta\u0107 zasilone podatkami z dobrze prosperuj\u0105cych firm, nast\u0119pnie musz\u0105 zosta\u0107 okrojone na rzecz aparatu urz\u0119dniczego, kt\u00f3ry a jak\u017ce, wykonuje swe wa\u017cne czynno\u015bci regulacyjno-kontrolne, a\u017c w ko\u0144cu sp\u0142ywaj\u0105 na wymagaj\u0105cy pomocy biznes przyt\u0142aczaj\u0105c\u00a0 czasem na lata irracjonalnymi przepisami i biurokracj\u0105. Ca\u0142e szcz\u0119\u015bcie to ju\u017c ostatnie siedem \u2013 osiem\u00a0 lat tak szczodrego bud\u017cetu dla Polski i Polskich przedsi\u0119biorc\u00f3w. P\u00f3\u017aniej odetchniemy\u2026<\/p>\n<p>P\u00f3\u017aniej! Skoncentrujmy si\u0119 jednak na \u201eteraz\u201d. W\u0142a\u015bnie teraz mamy ostatnie siedem lat, aby\u00a0 stworzy\u0107 kapita\u0142 rozwojowy na nast\u0119pne kilkadziesi\u0105t lat. Przecie\u017c dyskontowy system zam\u00f3wie\u0144 mebli, z kt\u00f3rych \u017cyje 80 procent polskich fabryk mebli to nie jest szczyt osi\u0105gni\u0119\u0107. Meble eksportowane z Polski uzyska\u0142y \u00a0w 2013 roku \u015brednio za 100 kilogram\u00f3w cen\u0119 337 dolar\u00f3w, podczas gdy niemieckie 665 dolar\u00f3w za 100 kilogram\u00f3w \u2013 prawie r\u00f3wno o sto procent wi\u0119cej! Czy chcieliby Pa\u0144stwo za obecn\u0105 produkcj\u0119 otrzyma\u0107 dok\u0142adnie dwa razy wi\u0119cej? Nie 34 miliardy z\u0142otych a 68 miliard\u00f3w? Pytanie jest retoryczne. Mogliby\u015bmy wi\u0119cej p\u0142aci\u0107 naszym pracownikom, ich rodziny mia\u0142yby komfort \u017cycia, by\u0107 mo\u017ce poradziliby\u015bmy sobie z problemami demograficznymi, poprawi\u0142a s\u0142u\u017cba zdrowia.\u00a0 Lubi\u0119 to populistyczne por\u00f3wnanie cen mebli eksportowanych z Polski i Niemiec, poniewa\u017c rozbudza ono wyobra\u017ani\u0119. W tym samym czasie wiem, \u017ce dzi\u015b Europa nie chce ekskluzywnych mebli z Polski, tylko ekonomiczne i tanie. Bez zmiany postrzegania polskich mebli, ale te\u017c i innych produkt\u00f3w, nie zmienimy znacz\u0105co polskiej\u00a0 gospodarki. Proste rezerwy s\u0105 na wyczerpaniu \u2013 drewno dro\u017ceje, liczba ludzi do pracy maleje, obci\u0105\u017cenia podatkowe rosn\u0105.\u00a0 \u017beby kto\u015b chcia\u0142 zap\u0142aci\u0107 owe 655 dolar\u00f3w za 100 kilogram\u00f3w mebla z Polski, to opr\u00f3cz tego co dzi\u015b mamy, potrzebne jest opakowanie sk\u0142adaj\u0105ce si\u0119 z wiedzy, pomys\u0142owo\u015bci, innowacji, emocji zaanga\u017cowanych os\u00f3b. I to wszystko s\u0105 dodatkowe koszty, kt\u00f3rych nikt z bran\u017cy nie chce ponosi\u0107 w pojedynk\u0119. W trakcie nie jednej rozmowy us\u0142ysza\u0142em, \u017ce klienta, dajmy na to, ze Szwecji nie obchodzi czy my organizujemy warsztaty plastyczne dla dzieci, a interesuje go cena, ni\u017csza o kilka z\u0142otych od konkurencji. Doskonale zdaj\u0119 sobie z tego spraw\u0119!<\/p>\n<p>W tej sytuacji \u015brodki unijne jawi\u0105 si\u0119 jako nadarzaj\u0105ca si\u0119 okazja, aby sfinansowa\u0107 dzia\u0142ania na rzecz bran\u017cy, zmieniaj\u0105ce narracj\u0119 o polskich meblach. Badania i rozw\u00f3j to w bran\u017cy meblarskiej to miliony z\u0142otych przeznaczane na wzornictwo, nowe konstrukcje i prototypy \u2013 Mo\u017ce to by\u0107 szacunkowo 0,7% warto\u015bci sprzeda\u017cy mebli. Je\u015bli\u00a0 wypracujemy model biznesowy, kt\u00f3ry obecne koszty firm zwi\u0105zane z rozwojem produktu wyka\u017ce jako wk\u0142ad w\u0142asny, to mamy szans\u0119 na pozyskanie blisko dodatkowych 2 miliard\u00f3w z\u0142otych na rozw\u00f3j Waszych meblarskich firm. Czego i sobie i Pa\u0144stwu \u017cycz\u0119!<\/p>\n<p>Ch\u0119tnie spotkam si\u0119 i om\u00f3wi\u0119 w szczeg\u00f3\u0142ach co mam na my\u015bli. tomasz.wiktorski@brstudio.eu<\/p>\n","protected":false},"excerpt":{"rendered":"<p>Miko\u0142aj ju\u017c puka, \u015bnieg pr\u00f3szy tu i \u00f3wdzie, le\u015bnicy wybieraj\u0105 co dorodniejsze choinki \u2013 czas przygotowa\u0107 si\u0119 do \u015bwi\u0105t i z\u0142o\u017cy\u0107 sobie \u017cyczenia. Jak ja bym chcia\u0142 mie\u0107 g\u0142ow\u0119 woln\u0105 od unijnej nomenklatury i biurokracji. Nie zajmowa\u0107 si\u0119 wska\u017anikami produktu, rezultatu. Da\u0107 spok\u00f3j z definicjami de minimis i programami operacyjnymi. To wszystko odci\u0105ga tylko uwag\u0119 &hellip; <\/p>\n<p class=\"link-more\"><a href=\"http:\/\/wiktorski.expert\/?p=204\" class=\"more-link\">Czytaj dalej<span class=\"screen-reader-text\"> \u201e\u015awi\u0105teczne \u017cyczenia\u201d<\/span><\/a><\/p>\n","protected":false},"author":1,"featured_media":0,"comment_status":"closed","ping_status":"closed","sticky":false,"template":"","format":"standard","meta":{"footnotes":""},"categories":[2,3,4,5,6],"tags":[24,11,79],"class_list":["post-204","post","type-post","status-publish","format-standard","hentry","category-drewno","category-meble-2","category-gospodarka","category-inne","category-marka","tag-badania","tag-meble","tag-rozwoj"],"_links":{"self":[{"href":"http:\/\/wiktorski.expert\/index.php?rest_route=\/wp\/v2\/posts\/204","targetHints":{"allow":["GET"]}}],"collection":[{"href":"http:\/\/wiktorski.expert\/index.php?rest_route=\/wp\/v2\/posts"}],"about":[{"href":"http:\/\/wiktorski.expert\/index.php?rest_route=\/wp\/v2\/types\/post"}],"author":[{"embeddable":true,"href":"http:\/\/wiktorski.expert\/index.php?rest_route=\/wp\/v2\/users\/1"}],"replies":[{"embeddable":true,"href":"http:\/\/wiktorski.expert\/index.php?rest_route=%2Fwp%2Fv2%2Fcomments&post=204"}],"version-history":[{"count":1,"href":"http:\/\/wiktorski.expert\/index.php?rest_route=\/wp\/v2\/posts\/204\/revisions"}],"predecessor-version":[{"id":394,"href":"http:\/\/wiktorski.expert\/index.php?rest_route=\/wp\/v2\/posts\/204\/revisions\/394"}],"wp:attachment":[{"href":"http:\/\/wiktorski.expert\/index.php?rest_route=%2Fwp%2Fv2%2Fmedia&parent=204"}],"wp:term":[{"taxonomy":"category","embeddable":true,"href":"http:\/\/wiktorski.expert\/index.php?rest_route=%2Fwp%2Fv2%2Fcategories&post=204"},{"taxonomy":"post_tag","embeddable":true,"href":"http:\/\/wiktorski.expert\/index.php?rest_route=%2Fwp%2Fv2%2Ftags&post=204"}],"curies":[{"name":"wp","href":"https:\/\/api.w.org\/{rel}","templated":true}]}}