{"id":209,"date":"2015-03-13T12:36:45","date_gmt":"2015-03-13T12:36:45","guid":{"rendered":"http:\/\/wiktorski.blog.pl\/?p=209"},"modified":"2022-03-07T12:52:04","modified_gmt":"2022-03-07T12:52:04","slug":"cos-lepszego-niz-dotacje","status":"publish","type":"post","link":"http:\/\/wiktorski.expert\/?p=209","title":{"rendered":"Co\u015b lepszego ni\u017c dotacje"},"content":{"rendered":"<p>W Polsce nie wiele zwraca si\u0119 uwagi na mo\u017cliwo\u015b\u0107 wp\u0142ywania na polityki Unii Europejskiej, a to co\u015b o wiele wa\u017cniejszego ni\u017c wnioski o dotacje.<\/p>\n<p>Nale\u017cy dorosn\u0105\u0107 do kolejnych wyzwa\u0144, wi\u0119c stwierdzam, \u017ce nadszed\u0142\u00a0 czas kiedy bran\u017ca meblarska powinna dorosn\u0105\u0107 do wsp\u00f3lnego ubiegania si\u0119 o korzystne kszta\u0142towanie polityki unijnej w zakresie naszego sektora. I wcale nie chodzi o to, \u017ce mamy w trzech kluczowych instytucjach unijnych (Radzie Europy, Komisji Europejskiej i Parlamencie Europejskim) swoich przedstawicieli \u2013 poniewa\u017c wszystkie kraje unijne ich maj\u0105, ale o fakt, \u017ce jako cz\u0142onkowie wsp\u00f3lnoty mamy do tego prawo i nikt nie zrobi tego w naszym imieniu. Oczywi\u015bcie pytanie jak to wykona\u0107.<\/p>\n<p>Do takich cel\u00f3w s\u0142u\u017cy Izba i to tu trwaj\u0105 prace nad sformu\u0142owaniem tez wyznaczaj\u0105cych zakres zainteresowania odno\u015bnie polityki sektorowej bran\u017cy meblarskiej.\u00a0 Poniewa\u017c uwa\u017cam spraw\u0119 za niezwykle istotn\u0105 to efekt ostatnich prac i konsultacji przedstawiam w szerszemu gronu czytelnik\u00f3w, aby mogli sobie Pa\u0144stwo wyrobi\u0107 zdanie i ewentualnie przes\u0142a\u0107 swoje uwagi.<\/p>\n<ol>\n<li><b>Troska o miejsca pracy<\/b>. Bran\u017ce kreatywne, pracuj\u0105ce w oparciu o tradycyjne technologie produkcji, takie jak bran\u017ca meblarska daj\u0105 znacz\u0105c\u0105 pul\u0119 miejsc pracy w gospodarce Unii Europejskiej, a\u00a0jednocze\u015bnie s\u0105 w stanie wypracowa\u0107 wysok\u0105\u00a0 warto\u015b\u0107 dodan\u0105, dlatego powinny by\u0107 uwzgl\u0119dniane w\u00a0priorytetach rozwojowych Unii Europejskiej na r\u00f3wni z przemys\u0142ami wysokich technologii, co le\u017cy we wsp\u00f3lnym interesie wszystkich kraj\u00f3w cz\u0142onkowskich.<\/li>\n<li><b>Bran\u017ca meblarska i przemys\u0142y wsp\u00f3\u0142pracuj\u0105ce z bran\u017c\u0105 meblarsk\u0105 powinny by\u0107 traktowane jako osobny sektor meblarski<\/b>. Szeroko\u015b\u0107 oferty produktowej sektora meblarskiego i z\u0142o\u017cono\u015b\u0107\u00a0 stosowanych technik i technologii produkcyjnych powoduj\u0105, \u017ce uto\u017csamianie bran\u017cy meblarskiej z sektorem le\u015bno-drzewnym niekorzystnie odbija si\u0119 na miejscach pracy w sektorze meblarskim. W szczeg\u00f3lno\u015bci nale\u017cy zwr\u00f3ci\u0107 uwag\u0119 na podejmowanie optymalnych dla rozwoju ca\u0142ego sektora decyzji administracyjno-politycznych, zar\u00f3wno w odniesieniu do konkurencji o podstawowe materia\u0142y i komponenty do produkcji, \u00a0w dost\u0119pie do \u017ar\u00f3de\u0142 wsparcia, jak i w zakresie edukacji zawodowej, szkolnictwa i promocji sektora w\u015br\u00f3d m\u0142odzie\u017cy jako atrakcyjnego wyboru na przysz\u0142o\u015b\u0107.<\/li>\n<li><b>Koncentracja na wzornictwie oraz na budowaniu warto\u015bci dodanej. <\/b>Pomimo, i\u017c stosujemy tradycyjne technologie produkcyjne to za pomoc\u0105 innowacji wzorniczych, funkcjonalnych oraz w zakresie techniki i technologii wytwarzania najlepiej rozwini\u0119te firmy s\u0105\u00a0 wstanie wytwarza\u0107 produkty o wysokiej warto\u015bci dodanej. Takiej zdolno\u015bci brakuje wielu firmom w krajach UE co stanowi barier\u0119 rozwojow\u0105. Zauwa\u017calne s\u0105 r\u00f3wnie\u017c dysproporcje w Unii Europejskiej w zakresie rozlokowania instytucji wspieraj\u0105cych rozw\u00f3j wzornictwa i rozprzestrzeniania innowacji, kt\u00f3re poprzez regionalny charakter mog\u0142yby wspiera\u0107 MSP.<\/li>\n<li><b>Efektywno\u015b\u0107 inwestycji. <\/b>Utrzymanie miejsc pracy oraz ekonomiczne uzasadnienie wdra\u017cania innowacji, b\u0119d\u0105cych g\u0142\u00f3wnymi priorytetami polityki UE, zapewnione b\u0119dzie je\u015bli poszczeg\u00f3lni\u00a0 uczestnicy \u0142a\u0144cucha produkcyjnego nie nadu\u017cywaj\u0105 dominuj\u0105cej pozycji. \u00a0Optymalna rozw\u00f3j sektora jest mo\u017cliwy w sytuacji kiedy warto\u015b\u0107 dodana tworzona od etapu koncepcji, poprzez dostawc\u00f3w materia\u0142\u00f3w i komponent\u00f3w, producent\u00f3w a\u017c do dystrybutor\u00f3w, jest alokowana zgodnie z interesem ca\u0142ego sektora.\u00a0\u00a0 Niekorzystne proporcje wyst\u0119puj\u0105ce pomi\u0119dzy poszczeg\u00f3lnymi uczestnikami \u0142a\u0144cucha dostaw \u00a0powoduj\u0105, \u017ce korzy\u015bci ekonomiczne z nak\u0142ad\u00f3w na dzia\u0142ania badawczo rozwojowe nie dzia\u0142aj\u0105 stymuluj\u0105co na ponosz\u0105cych te nak\u0142ady producent\u00f3w.<\/li>\n<li><b>Rozw\u00f3j poprzez eksport.<\/b>\u00a0 Du\u017cy potencja\u0142 produkcyjny kraj\u00f3w cz\u0142onkowskich oraz niekorzystne tendencje demograficzne w Europie sk\u0142aniaj\u0105 do patrzenia na rynki kraj\u00f3w pozaunijnych jako obiecuj\u0105cy kierunek rozwoju sektora meblarskiego i spos\u00f3b na z\u0142agodzenie rozbie\u017cno\u015bci interes\u00f3w w dost\u0119pnie do klienta pomi\u0119dzy producentami z poszczeg\u00f3lnych Kraj\u00f3w Wsp\u00f3lnoty. Deklarujemy r\u00f3wnie\u017c w tym zakresie wsparcie prac Komisji Europejskiej\u00a0 poprzez udzia\u0142 Og\u00f3lnopolskiej Izby Gospodarczej Producent\u00f3w Mebli oraz organizacji europejskich UEA i EFIC, a tak\u017ce znanych i uznanych na \u015bwiatowych rynkach polskich firm meblarskich w misjach gospodarczych organizowanych przez przedstawicieli Urz\u0119d\u00f3w Unii Europejskiej.<\/li>\n<\/ol>\n<p>W imieniu Og\u00f3lnopolskiej Izby Gospodarczej Producent\u00f3w Mebli oraz w\u0142asnym zach\u0119cam pa\u0144stwa do przesy\u0142ania swoich uwag i komentarzy do wywo\u0142anego tematu.<\/p>\n<p>tomasz.wiktorski@brstudio.eu<\/p>\n","protected":false},"excerpt":{"rendered":"<p>W Polsce nie wiele zwraca si\u0119 uwagi na mo\u017cliwo\u015b\u0107 wp\u0142ywania na polityki Unii Europejskiej, a to co\u015b o wiele wa\u017cniejszego ni\u017c wnioski o dotacje. Nale\u017cy dorosn\u0105\u0107 do kolejnych wyzwa\u0144, wi\u0119c stwierdzam, \u017ce nadszed\u0142\u00a0 czas kiedy bran\u017ca meblarska powinna dorosn\u0105\u0107 do wsp\u00f3lnego ubiegania si\u0119 o korzystne kszta\u0142towanie polityki unijnej w zakresie naszego sektora. I wcale nie &hellip; <\/p>\n<p class=\"link-more\"><a href=\"http:\/\/wiktorski.expert\/?p=209\" class=\"more-link\">Czytaj dalej<span class=\"screen-reader-text\"> \u201eCo\u015b lepszego ni\u017c dotacje\u201d<\/span><\/a><\/p>\n","protected":false},"author":1,"featured_media":0,"comment_status":"closed","ping_status":"closed","sticky":false,"template":"","format":"standard","meta":{"footnotes":""},"categories":[2,3,4,5,6],"tags":[33,45,11],"class_list":["post-209","post","type-post","status-publish","format-standard","hentry","category-drewno","category-meble-2","category-gospodarka","category-inne","category-marka","tag-dotacje","tag-izba","tag-meble"],"_links":{"self":[{"href":"http:\/\/wiktorski.expert\/index.php?rest_route=\/wp\/v2\/posts\/209","targetHints":{"allow":["GET"]}}],"collection":[{"href":"http:\/\/wiktorski.expert\/index.php?rest_route=\/wp\/v2\/posts"}],"about":[{"href":"http:\/\/wiktorski.expert\/index.php?rest_route=\/wp\/v2\/types\/post"}],"author":[{"embeddable":true,"href":"http:\/\/wiktorski.expert\/index.php?rest_route=\/wp\/v2\/users\/1"}],"replies":[{"embeddable":true,"href":"http:\/\/wiktorski.expert\/index.php?rest_route=%2Fwp%2Fv2%2Fcomments&post=209"}],"version-history":[{"count":1,"href":"http:\/\/wiktorski.expert\/index.php?rest_route=\/wp\/v2\/posts\/209\/revisions"}],"predecessor-version":[{"id":393,"href":"http:\/\/wiktorski.expert\/index.php?rest_route=\/wp\/v2\/posts\/209\/revisions\/393"}],"wp:attachment":[{"href":"http:\/\/wiktorski.expert\/index.php?rest_route=%2Fwp%2Fv2%2Fmedia&parent=209"}],"wp:term":[{"taxonomy":"category","embeddable":true,"href":"http:\/\/wiktorski.expert\/index.php?rest_route=%2Fwp%2Fv2%2Fcategories&post=209"},{"taxonomy":"post_tag","embeddable":true,"href":"http:\/\/wiktorski.expert\/index.php?rest_route=%2Fwp%2Fv2%2Ftags&post=209"}],"curies":[{"name":"wp","href":"https:\/\/api.w.org\/{rel}","templated":true}]}}