{"id":337,"date":"2020-11-20T07:46:31","date_gmt":"2020-11-20T07:46:31","guid":{"rendered":"http:\/\/wiktorski.expert\/?p=337"},"modified":"2022-03-07T12:46:51","modified_gmt":"2022-03-07T12:46:51","slug":"czy-polskie-meble-wygraja-na-pandemii-koronawirusa","status":"publish","type":"post","link":"http:\/\/wiktorski.expert\/?p=337","title":{"rendered":"Czy Polskie Meble wygraj\u0105 na pandemii koronawirusa?"},"content":{"rendered":"\n<p class=\"has-medium-font-size\">Szybkie odbicie bran\u017cy meblarskiej oraz chaos informacyjny\nodno\u015bnie rzeczywistego zasi\u0119gu i wp\u0142ywu na gospodark\u0119 pandemii COVID-19 tworz\u0105\nciekaw\u0105 mieszank\u0119 danych do analiz.<\/p>\n\n\n\n<p class=\"has-medium-font-size\">Wykraka\u0142em. W ubieg\u0142ym roku na pytanie znajomego na co ma\nsi\u0119 nastawia\u0107 w 2020 roku, odpowiedzia\u0142em: na kryzys! Zastrzeg\u0142em tylko, \u017ce nie\nwiadomo, z kt\u00f3rej strony ten kryzys przyjdzie. Ko\u0144czy\u0142 si\u0119 wtedy si\u00f3dmy rok z\nrz\u0119du wzrost\u00f3w, a wska\u017aniki efektywno\u015bci od dw\u00f3ch lat si\u0119 pogarsza\u0142y. Dotyczy\u0142o\nto niemal ca\u0142ej gospodarki. &nbsp;Koronawirus sta\u0142\nsi\u0119 wi\u0119c katalizatorem korekty rynkowej. <\/p>\n\n\n\n<p class=\"has-medium-font-size\">Po dw\u00f3ch i po\u0142 miesi\u0105ca k\u0142opot\u00f3w polska bran\u017ca meblarska\nwr\u00f3ci\u0142a z hukiem pracuj\u0105cych maszyn na wysokie obroty. Czerwiec 2020 okaza\u0142 si\u0119\nlepszy od bardzo s\u0142abego nota bene czerwca 2019 i dobra passa z du\u017cym\nprawdopodobie\u0144stwem by\u0142a kontynuowana przez lipiec i sierpie\u0144. Pisz\u0119 \u201ez du\u017cym\nprawdopodobie\u0144stwem\u201d, poniewa\u017c przygotowuj\u0105c ten materia\u0142 nie posiadamy jeszcze\noficjalnych danych. Jednak wiele wskazuje na to, \u017ce miesi\u0105ce wakacyjne to by\u0142\nczas wyt\u0119\u017conej pracy dla meblarzy. <\/p>\n\n\n\n<p class=\"has-medium-font-size\">Wiemy ju\u017c dzi\u015b, \u017ce korekta z drugiego kwarta\u0142u by\u0142a w Polsce\ng\u0142\u0119bsza ni\u017c na przyk\u0142ad w Niemczech. U nas w kwietniu produkcja spad\u0142a o 50%, a\nw Niemczech o 29%. Spogl\u0105daj\u0105c w d\u0142u\u017cszej perspektywie na wyniki naszych\nzachodnich s\u0105siad\u00f3w, to przez szereg miesi\u0119cy produkcja mebli stopniowo maleje\no 1-4%, podczas gdy w Polsce stopniowo, powoli ro\u015bnie. Majowe odbicie po\nkwietniowym do\u0142ku w Polsce by\u0142o wyra\u017aniejsze ni\u017c w Niemczech. Zanosi si\u0119 wi\u0119c na\nto, \u017ce r\u00f3\u017cnica w warto\u015bci produkcji mebli w Polsce i Niemczech, pomimo kryzysu,\nzmaleje, a przewaga eksportowa wzro\u015bnie.<\/p>\n\n\n\n<p class=\"has-medium-font-size\">Czy w zwi\u0105zku z powy\u017cszym mo\u017cemy m\u00f3wi\u0107, \u017ce kryzys si\u0119\nzako\u0144czy\u0142? Na to wydaje si\u0119 by\u0107 zdecydowanie zbyt wcze\u015bnie. Dopiero kolejne 3-4\nkwarta\u0142y poka\u017c\u0105 prawdziw\u0105 trwa\u0142o\u015b\u0107 odbicia i skal\u0119 kryzysu. PKB Wielkiej\nBrytanii spad\u0142o w drugim kwartale 2020 roku o ponad 20% \u2013 to najwi\u0119cej od ko\u0144ca\ndrugiej wojny \u015bwiatowej. Ekonomi\u015bci wieszcz\u0105 kryzys zad\u0142u\u017cenia s\u0142abszych\nkraj\u00f3w. Szereg sektor\u00f3w gospodarki ledwie zipie wycie\u0144czonych kryzysem\n(turystyka biznesowa, linie lotnicze, bran\u017ca eventowa, kina, etc.). Upad\u0142o\u015bci i\nzwolnienia pracownik\u00f3w na wi\u0119ksz\u0105 skal\u0119 zosta\u0142y powstrzymane swoistymi\nprogramami os\u0142onowymi i p\u00f3ki co wi\u0119kszo\u015b\u0107 ekonomist\u00f3w jest zgodna, \u017ce dla\nratowania gospodarek trzeba obecnie zad\u0142u\u017ca\u0107 kraje. Pytanie na jak d\u0142ugo\nwystarczy zdolno\u015bci kredytowej i cierpliwo\u015bci po\u017cyczkodawcom. <\/p>\n\n\n\n<p class=\"has-medium-font-size\">Bran\u017ca meblarska, jak to ju\u017c wielokrotnie pisa\u0142em, korzysta\nze zmniejszonego ruchu turystycznego \u2013 Europejczycy, ale nie tylko, wi\u0119cej w\ntym roku inwestuj\u0105 w swoje mieszkania rezygnuj\u0105c lub ograniczaj\u0105c wakacyjny\nwypoczynek. Z reszt\u0105 do po\u0142owy sierpnia lato nie by\u0142o zbyt gor\u0105ce, co r\u00f3wnie\u017c\nsprzyja pozostaniu w domach. Maj\u0105c w g\u0142owach strach przed epidemi\u0105 i kryzysem\npo raz kolejny zwracaj\u0105 si\u0119 w kierunku ta\u0144szych mebli, cz\u0119sto mebli z Polski.\nCzy jednak impuls ten b\u0119dzie trwa\u0142y i przerodzi si\u0119 w d\u0142u\u017cszy trend \u2013 tu\nniestety trzeba postawi\u0107 du\u017cy znak zapytania. Mo\u017ce si\u0119 okaza\u0107, \u017ce nawarstwienie\nsi\u0119 problem\u00f3w ekonomicznych w wielu krajach ograniczy r\u00f3wnie\u017c apetyty\nkonsument\u00f3w i koniunktura na meble czy remonty si\u0119 sko\u0144czy. A wi\u0119c obecnej\nhossy nie uwa\u017cam za trwa\u0142\u0105. Ca\u0142y czas podtrzymuj\u0119 stanowisko, \u017ce Polskie Meble\npowinny dywersyfikowa\u0107 kierunki eksportu poprawiaj\u0105c swoj\u0105 pozycj\u0119 negocjacyjn\u0105\ni minimalizuj\u0105c ryzyko lokalnych kryzys\u00f3w. Jasne, \u017ce my\u015bl\u0119 o USA i innych\nperspektywicznych rynkach.<\/p>\n\n\n\n<p class=\"has-medium-font-size\">Na koniec zostaje jeszcze ocena\nwp\u0142ywu pandemii na \u015bwiatow\u0105 gospodark\u0119 i przemys\u0142 meblarski. Obserwuj\u0105c\ndoniesienia medialne z pierwszej po\u0142owy roku z Wuhan &#8211; miliony ludzi\nzamkni\u0119tych w domach, 4 miesi\u0105ce lockdownu \u2013 by\u0107 mo\u017ce przeszacowali\u015bmy skal\u0119\nnegatywnego wp\u0142ywu epidemii. Z drugiej strony alarmistyczne prognozy prze\u0142o\u017cy\u0142y\nsi\u0119 na szybkie dzia\u0142ania os\u0142onowe ze strony rz\u0105du i by\u0107 mo\u017ce dzi\u0119ki temu\nprzechodzimy przez kryzys wed\u0142ug kszta\u0142tu litery V. Przygotowani w maseczki i\nrespiratory w szpitalach nauczyli\u015bmy si\u0119 \u017cy\u0107 z wirusem. Mam nadziej\u0119, \u017ce nie\npowr\u00f3c\u0105 restrykcje nak\u0142adane na handel, us\u0142ugi czy produkcj\u0119, a meble szybko\nodrobi\u0105 spadki obrot\u00f3w. Zauwa\u017ccie tylko, \u017ce w czerwcu wynik 4 mld produkcji\nsprzedanej mebli \u2013 podobny do wyniku z lutego zosta\u0142 wykonany z przeci\u0119tnym\nzatrudnieniem ni\u017cszym o 10%! A wi\u0119c uda\u0142o si\u0119 odblokowa\u0107 ukryte rezerwy! A mo\u017ce\ntylko sprzeda\u0107 zapasy magazynowe z maja? <\/p>\n","protected":false},"excerpt":{"rendered":"<p>Szybkie odbicie bran\u017cy meblarskiej oraz chaos informacyjny odno\u015bnie rzeczywistego zasi\u0119gu i wp\u0142ywu na gospodark\u0119 pandemii COVID-19 tworz\u0105 ciekaw\u0105 mieszank\u0119 danych do analiz. Wykraka\u0142em. W ubieg\u0142ym roku na pytanie znajomego na co ma si\u0119 nastawia\u0107 w 2020 roku, odpowiedzia\u0142em: na kryzys! Zastrzeg\u0142em tylko, \u017ce nie wiadomo, z kt\u00f3rej strony ten kryzys przyjdzie. Ko\u0144czy\u0142 si\u0119 wtedy si\u00f3dmy &hellip; <\/p>\n<p class=\"link-more\"><a href=\"http:\/\/wiktorski.expert\/?p=337\" class=\"more-link\">Czytaj dalej<span class=\"screen-reader-text\"> \u201eCzy Polskie Meble wygraj\u0105 na pandemii koronawirusa?\u201d<\/span><\/a><\/p>\n","protected":false},"author":1,"featured_media":0,"comment_status":"closed","ping_status":"closed","sticky":false,"template":"","format":"standard","meta":{"footnotes":""},"categories":[1],"tags":[],"class_list":["post-337","post","type-post","status-publish","format-standard","hentry","category-uncategorized"],"_links":{"self":[{"href":"http:\/\/wiktorski.expert\/index.php?rest_route=\/wp\/v2\/posts\/337","targetHints":{"allow":["GET"]}}],"collection":[{"href":"http:\/\/wiktorski.expert\/index.php?rest_route=\/wp\/v2\/posts"}],"about":[{"href":"http:\/\/wiktorski.expert\/index.php?rest_route=\/wp\/v2\/types\/post"}],"author":[{"embeddable":true,"href":"http:\/\/wiktorski.expert\/index.php?rest_route=\/wp\/v2\/users\/1"}],"replies":[{"embeddable":true,"href":"http:\/\/wiktorski.expert\/index.php?rest_route=%2Fwp%2Fv2%2Fcomments&post=337"}],"version-history":[{"count":1,"href":"http:\/\/wiktorski.expert\/index.php?rest_route=\/wp\/v2\/posts\/337\/revisions"}],"predecessor-version":[{"id":338,"href":"http:\/\/wiktorski.expert\/index.php?rest_route=\/wp\/v2\/posts\/337\/revisions\/338"}],"wp:attachment":[{"href":"http:\/\/wiktorski.expert\/index.php?rest_route=%2Fwp%2Fv2%2Fmedia&parent=337"}],"wp:term":[{"taxonomy":"category","embeddable":true,"href":"http:\/\/wiktorski.expert\/index.php?rest_route=%2Fwp%2Fv2%2Fcategories&post=337"},{"taxonomy":"post_tag","embeddable":true,"href":"http:\/\/wiktorski.expert\/index.php?rest_route=%2Fwp%2Fv2%2Ftags&post=337"}],"curies":[{"name":"wp","href":"https:\/\/api.w.org\/{rel}","templated":true}]}}