{"id":547,"date":"2026-03-02T08:53:23","date_gmt":"2026-03-02T08:53:23","guid":{"rendered":"https:\/\/wiktorski.expert\/?p=547"},"modified":"2026-03-02T08:53:23","modified_gmt":"2026-03-02T08:53:23","slug":"srebrny-krzyz-zaslugi","status":"publish","type":"post","link":"http:\/\/wiktorski.expert\/?p=547","title":{"rendered":"Srebrny Krzy\u017c Zas\u0142ugi"},"content":{"rendered":"\n<p><strong>Nie lubi\u0119 si\u0119 chwali\u0107, ale dzi\u015b okazja jest wyj\u0105tkowa. Postanowieniem Prezydenta Rzeczypospolitej Polskiej Pana Andrzeja Dudy zosta\u0142em odznaczony Srebrnym Krzy\u017cem Zas\u0142ugi za wk\u0142ad w rozw\u00f3j polskiej bran\u017cy meblarskiej!<\/strong><\/p>\n\n\n\n<p>Kiedy w grudniu ubieg\u0142ego roku odbiera\u0142em Srebrny Krzy\u017c Zas\u0142ugi z r\u0105k wojewody warmi\u0144sko-mazurskiego \u2013 pe\u0142ni\u0142 on rol\u0119 przedstawiciela prezydenta, a prezydenta jak z pewno\u015bci\u0105 zauwa\u017cyli\u015bcie mamy ju\u017c nowego &#8211; kto\u015b z boku zasugerowa\u0142, \u017ce po takim wyr\u00f3\u017cnieniu to ju\u017c chyba czas na emerytur\u0119. Jak wiecie, moje serce bije w rytm polskiego przemys\u0142u meblarskiego, wi\u0119c emerytura to s\u0142owo, kt\u00f3re jeszcze przez d\u0142ugi czas b\u0119dzie dla mnie nieznajome.<\/p>\n\n\n\n<p>Zapytacie pewnie, co sprawi\u0142o, \u017ce zas\u0142u\u017cy\u0142em na to wyr\u00f3\u017cnienie. Odpowied\u017a jest prosta \u2013 to w du\u017cej mierze zas\u0142uga ca\u0142ej naszej bran\u017cy i niezliczonych ludzi, z kt\u00f3rymi mia\u0142em przyjemno\u015b\u0107 wsp\u00f3\u0142pracowa\u0107 przez ponad 25 lat mojej pracy zawodowej. To wsp\u00f3lny wysi\u0142ek, determinacja i wizja ukszta\u0142towa\u0142y przemys\u0142 meblarski, jaki dzi\u015b znamy. To osobowo\u015b\u0107 profesor\u00f3w, prezes\u00f3w, dyrektor\u00f3w i kierownik\u00f3w, a cz\u0119sto i wielu ludzi z produkcji handlu i uczelni \u2013 moich meblarskich przyjaci\u00f3\u0142 &#8211; kszta\u0142towa\u0142y r\u00f3wnie\u017c moj\u0105 osobist\u0105 postaw\u0119 i nap\u0119dza\u0142y do dzia\u0142ania. Moj\u0105 rol\u0105 by\u0142o jedynie dok\u0142adanie ma\u0142ych cegie\u0142ek, dodawanie niekiedy oliwy, aby tryby mog\u0142y kr\u0119ci\u0107 si\u0119 sprawniej.<\/p>\n\n\n\n<p>Aby nie popa\u015b\u0107 w zbytni\u0105 pompatyczno\u015b\u0107, podziel\u0119 si\u0119 z Wami kilkoma refleksjami, kt\u00f3re pojawi\u0142y si\u0119 przy tej okazji. Przemys\u0142 meblowy w Polsce to nie tylko produkcja, ale i kultura, tradycje oraz nieustanna walka z rynkowymi demonami. My, Polacy, robili\u015bmy meble, zanim sta\u0142o si\u0119 to modne. Teraz \u2013 przy wyzwaniach, kt\u00f3re przed nami stoj\u0105 \u2013 musimy by\u0107 r\u00f3wnie innowacyjni i gotowi na zmiany. To wszystko, pomimo codziennej walki konkurencyjnej odbywa si\u0119 w gronie przyjaci\u00f3\u0142, kt\u00f3rzy, gdy trzeba \u0142\u0105cz\u0105 si\u0142y. Kiedy mo\u017cna wsp\u00f3lnie si\u0119 bawi\u0105. Kiedy nale\u017cy pomagaj\u0105 sobie nawzajem. I cho\u0107 ceremoni\u0119 wr\u0119czenia odznaczenia opu\u015bci\u0142em z nieskrywan\u0105 dum\u0105 w sercu, jeszcze bardziej cieszy mnie to, \u017ce mam wok\u00f3\u0142 siebie ludzi, kt\u00f3rzy sprawiaj\u0105, \u017ce ka\u017cdego dnia wstaj\u0119 z rado\u015bci\u0105 i ch\u0119ci\u0105 do dzia\u0142ania. To oni pokazuj\u0105 mi, \u017ce nasz przemys\u0142 ma nie tylko przesz\u0142o\u015b\u0107, ale przede wszystkim przysz\u0142o\u015b\u0107 pe\u0142n\u0105 mo\u017cliwo\u015bci.<\/p>\n\n\n\n<p>Chcia\u0142bym dzi\u015b podzi\u0119kowa\u0107 osobom, o kt\u00f3rych rzadko pisz\u0119 w felietonach \u2013 o mojej rodzinie. Specjalne podzi\u0119kowania nale\u017c\u0105 si\u0119 mojej ma\u0142\u017conce Monice i dzieciom za wsparcie i dzielne znoszenie dni delegacji. Moim rodzicom i te\u015bciom za wpojone warto\u015bci i wykszta\u0142cenie, przekazane do\u015bwiadczenie \u017cyciowe i zaanga\u017cowanie w codzienne obowi\u0105zki. Szczeg\u00f3lne podzi\u0119kowania nale\u017c\u0105 si\u0119 wnioskodawcy tego odznaczenia \u2013 prezesowi Janowi Szynace, kt\u00f3rego od lat dziel\u0119 szacunkiem, podziwem i sympati\u0105. Podzi\u0119kowania za lata wsp\u00f3\u0142pracy powinny trafi\u0107 do moich najbli\u017cszych wsp\u00f3\u0142pracownik\u00f3w Mileny i Mateusza oraz zespo\u0142u OIGPM. O wybaczenie prosz\u0119 tych, kt\u00f3rych nie wymieni\u0142em, a jest Was drodzy bardzo wielu w mojej g\u0142owie i sercu. Chcia\u0142bym te\u017c podzi\u0119kowa\u0107 wszystkim przyjacio\u0142om, tym prywatnym i tym bran\u017cowym za ich obecno\u015b\u0107!<\/p>\n\n\n\n<p>Dzi\u015b wszystko kr\u0119ci si\u0119 wok\u00f3\u0142 obrony pozycji bran\u017cy meblarskiej i wychodzenia z kryzysu, podejmowania wsp\u00f3lnych dzia\u0142a\u0144 i wymiany pomys\u0142\u00f3w. Srebrny Krzy\u017c Zas\u0142ugi to symbol nie tylko mojej pracy, ale i naszej wsp\u00f3lnej podr\u00f3\u017cy przez lata transformacji, zmian i wyzwa\u0144, jakie przed nami jeszcze stoj\u0105. To dzi\u0119ki Wam, drodzy wsp\u00f3\u0142pracownicy i przyjaciele z bran\u017cy, wci\u0105\u017c czuj\u0119 zapa\u0142 do odkrywania nowych \u015bcie\u017cek \u2013 czy to poprzez innowacyjne technologie, nowe rynki zbytu, czy te\u017c kszta\u0142towanie kolejnych pokole\u0144 meblarskich ekspert\u00f3w.<\/p>\n\n\n\n<p>A co z kolejnym wyzwaniem? No c\u00f3\u017c, na horyzoncie widz\u0119 wiele pracy, lecz tak\u017ce wiele satysfakcji. Najbli\u017cszy rok up\u0142ynie pod znakiem Bran\u017cowego Centrum Umiej\u0119tno\u015bci. Niech ten Srebrny Krzy\u017c b\u0119dzie kamieniem milowym dotychczasowej drogi, a jednocze\u015bnie otwarciem nowego rozdzia\u0142u pe\u0142nego kolejnych inspiracji i tw\u00f3rczych rozwi\u0105za\u0144. W sumie to jest jeszcze do zdobycia Z\u0142oty Krzy\u017c Zas\u0142ugi &#x1f609; ! A wi\u0119c do roboty!<\/p>\n\n\n\n<p>Z ciep\u0142ymi pozdrowieniami, Tomasz Wiktorski<\/p>\n","protected":false},"excerpt":{"rendered":"<p>Nie lubi\u0119 si\u0119 chwali\u0107, ale dzi\u015b okazja jest wyj\u0105tkowa. Postanowieniem Prezydenta Rzeczypospolitej Polskiej Pana Andrzeja Dudy zosta\u0142em odznaczony Srebrnym Krzy\u017cem Zas\u0142ugi za wk\u0142ad w rozw\u00f3j polskiej bran\u017cy meblarskiej! Kiedy w grudniu ubieg\u0142ego roku odbiera\u0142em Srebrny Krzy\u017c Zas\u0142ugi z r\u0105k wojewody warmi\u0144sko-mazurskiego \u2013 pe\u0142ni\u0142 on rol\u0119 przedstawiciela prezydenta, a prezydenta jak z pewno\u015bci\u0105 zauwa\u017cyli\u015bcie mamy ju\u017c &hellip; <\/p>\n<p class=\"link-more\"><a href=\"http:\/\/wiktorski.expert\/?p=547\" class=\"more-link\">Czytaj dalej<span class=\"screen-reader-text\"> \u201eSrebrny Krzy\u017c Zas\u0142ugi\u201d<\/span><\/a><\/p>\n","protected":false},"author":1,"featured_media":0,"comment_status":"closed","ping_status":"closed","sticky":false,"template":"","format":"standard","meta":{"footnotes":""},"categories":[3,4],"tags":[],"class_list":["post-547","post","type-post","status-publish","format-standard","hentry","category-meble-2","category-gospodarka"],"_links":{"self":[{"href":"http:\/\/wiktorski.expert\/index.php?rest_route=\/wp\/v2\/posts\/547","targetHints":{"allow":["GET"]}}],"collection":[{"href":"http:\/\/wiktorski.expert\/index.php?rest_route=\/wp\/v2\/posts"}],"about":[{"href":"http:\/\/wiktorski.expert\/index.php?rest_route=\/wp\/v2\/types\/post"}],"author":[{"embeddable":true,"href":"http:\/\/wiktorski.expert\/index.php?rest_route=\/wp\/v2\/users\/1"}],"replies":[{"embeddable":true,"href":"http:\/\/wiktorski.expert\/index.php?rest_route=%2Fwp%2Fv2%2Fcomments&post=547"}],"version-history":[{"count":1,"href":"http:\/\/wiktorski.expert\/index.php?rest_route=\/wp\/v2\/posts\/547\/revisions"}],"predecessor-version":[{"id":548,"href":"http:\/\/wiktorski.expert\/index.php?rest_route=\/wp\/v2\/posts\/547\/revisions\/548"}],"wp:attachment":[{"href":"http:\/\/wiktorski.expert\/index.php?rest_route=%2Fwp%2Fv2%2Fmedia&parent=547"}],"wp:term":[{"taxonomy":"category","embeddable":true,"href":"http:\/\/wiktorski.expert\/index.php?rest_route=%2Fwp%2Fv2%2Fcategories&post=547"},{"taxonomy":"post_tag","embeddable":true,"href":"http:\/\/wiktorski.expert\/index.php?rest_route=%2Fwp%2Fv2%2Ftags&post=547"}],"curies":[{"name":"wp","href":"https:\/\/api.w.org\/{rel}","templated":true}]}}